{"id":3207,"date":"2022-06-05T01:32:17","date_gmt":"2022-06-04T23:32:17","guid":{"rendered":"http:\/\/halterestudio.com\/?p=3207"},"modified":"2022-06-25T18:06:08","modified_gmt":"2022-06-25T16:06:08","slug":"3207","status":"publish","type":"post","link":"https:\/\/halterestudio.com\/index.php\/2022\/06\/05\/3207\/","title":{"rendered":"La camiseta marinera"},"content":{"rendered":"<p>[et_pb_section fb_built=\u00bb1&#8243; specialty=\u00bbon\u00bb _builder_version=\u00bb3.25.4&#8243; min_height=\u00bb864px\u00bb custom_padding=\u00bb5px|||||\u00bb][et_pb_column type=\u00bb1_2&#8243; _builder_version=\u00bb3.25&#8243; custom_padding=\u00bb|||\u00bb custom_padding__hover=\u00bb|||\u00bb][et_pb_text _builder_version=\u00bb3.25.4&#8243; text_font=\u00bbBEBAS||||||||\u00bb text_text_align=\u00bbleft\u00bb text_text_color=\u00bb#000000&#8243; text_font_size=\u00bb40px\u00bb text_line_height=\u00bb1em\u00bb]<\/p>\n<p data-testid=\"ContentHeaderHed\" class=\"BaseWrap-sc-TURhJ BaseText-fFzBQt Hed-jmnsXv gvojGW kaIthF fnnbUW\" style=\"text-align: left;\">La camiseta marinera a trav\u00e9s de la historia de la moda<\/p>\n<p>[\/et_pb_text][et_pb_text _builder_version=\u00bb3.25.4&#8243;]<\/p>\n<p><span>Su primera encarnaci\u00f3n tuvo lugar en Breta\u00f1a, donde la lana bretona era tejida firmemente para confeccionar su\u00e9teres que los pescadores usaban para abrigarse cuando sal\u00edan a la mar. En 1858, fue elegido por la Marina francesa, la cual decret\u00f3 que sus 21 franjas blancas deb\u00edan tener un grosor de 20 mm y sus 21 franjas azules deb\u00edan medir la mitad. Despu\u00e9s de que Chanel reinventara el atuendo chic de la costa, la camiseta marinera se convirti\u00f3 en una eterna favorita de las mujeres m\u00e1s elegantes de todo el mundo. En la imagen Gabrielle Chanel con su perro en la Riviera Francesa en 1930.\u00a0<\/span><span>La camiseta marinera lleg\u00f3 a conquistar a las estrellas del Hollywood dorado como Marilyn Monroe o la siempre estilosa Audrey Hepburn, en la imagen, con su ic\u00f3nico corte de pelo y unos pantalones pitillo. Un look que hoy mismo est\u00e1 de plena actualidad.La camiseta marinera no ha entendido nunca de g\u00e9nero y tanto hombres como mujeres han sucumbido a sus encantos. Cary Grant la llev\u00f3 como nadie en &#8216;Atrapa un ladr\u00f3n&#8217;, de Alfred Hitchock.La camiseta marinera pas\u00f3 de ser el robusto atuendo de los marineros del siglo XIX a un elegante objeto del celuloide que alcanz\u00f3 su c\u00falmen con Brigitte Bardot en Contempt, el filme de Jean-Luc Godard de 1963.Despu\u00e9s de que Jean Seberg apareciera el filme con una camiseta a rayas combinada con un pixie y unos pantalones chinos, el majestuoso encanto costero que Gabriel \u201cCoco\u201d Chanel enalteciera por primera vez, en 1913, en su colecci\u00f3n de atuendos con camiseta inspirada por los trajes marineros \u2013y seguida por su primera l\u00ednea resort lanzada seis a\u00f1os despu\u00e9s\u2013 se convirti\u00f3 repentinamente en conducto de un aire de complicidad rom\u00e1ntica en lugar de ser \u00fanicamente reflejo del estilo de la Riviera.\u00a0<\/span>Con Madonna, en 1985, la camiseta marinera mostr\u00f3 su faceta m\u00e1s sexy y contestataria, llev\u00e1ndola con falda de inspiraci\u00f3n sporty y en versi\u00f3n cropped. A pesar de todos estos vaivenes de estilo, la camiseta de rayas no ha perdido su esencia marinera y sigue funcionando de maravilla en esos looks playeros de vacaciones.<\/p>\n<p><em>Informaci\u00f3n extra\u00edda de VOGUE Espa\u00f1a.<\/em><a href=\"https:\/\/www.vogue.es\/moda\/galerias\/historia-moda-camiseta-marinera-gabrielle-chanel-brigitte-bardot-sienna-miller-alexa-chung\/14397\" target=\"_blank\" rel=\"noopener noreferrer\"><strong> <span style=\"color: #58ceb1;\">Ver m\u00e1s.<\/span><\/strong><\/a><\/p>\n<p>&nbsp;<\/p>\n<div>\n<div class=\"GallerySlideWrapper-deKbuV kveOng\" data-event-boundary=\"click\" data-in-view=\"{&quot;pattern&quot;:&quot;GallerySlide&quot;}\" data-event-click=\"{&quot;pattern&quot;:&quot;GallerySlide&quot;}\" orientation=\"portrait\" data-testid=\"GallerySlideWrapper\" data-include-experiments=\"true\">\n<figure class=\"GallerySlideFigure-hyAGVk nPCSW\">\n<div orientation=\"portrait\" class=\"GallerySlideAssetWrapper-hzACFZ ePbbKn\">\n<div class=\"GallerySlideAssetContainer-hNIKGR hVQpXI\">\n<div class=\"GallerySlideAssetContainerInner-jXaSRz fpQehH\"><span class=\"SpanWrapper-kGGzGm fCMktF responsive-asset GallerySlideResponsiveAsset-kJgSyW ehONxO\"><picture class=\"ResponsiveImagePicture-jIKgcS fArnhQ GallerySlideResponsiveAsset-kJgSyW ehONxO responsive-image\"><source media=\"(max-width: 767px)\" srcset=\"https:\/\/media.vogue.es\/photos\/5cc6fc559ba439b51e2c400d\/master\/w_120%2Cc_limit\/historia_moda_camiseta_marinera_gabrielle_chanel_brigitte_bardot_sienna_miller_alexa_chung_825339528.jpg 120w, https:\/\/media.vogue.es\/photos\/5cc6fc559ba439b51e2c400d\/master\/w_240%2Cc_limit\/historia_moda_camiseta_marinera_gabrielle_chanel_brigitte_bardot_sienna_miller_alexa_chung_825339528.jpg 240w, https:\/\/media.vogue.es\/photos\/5cc6fc559ba439b51e2c400d\/master\/w_320%2Cc_limit\/historia_moda_camiseta_marinera_gabrielle_chanel_brigitte_bardot_sienna_miller_alexa_chung_825339528.jpg 320w, https:\/\/media.vogue.es\/photos\/5cc6fc559ba439b51e2c400d\/master\/w_640%2Cc_limit\/historia_moda_camiseta_marinera_gabrielle_chanel_brigitte_bardot_sienna_miller_alexa_chung_825339528.jpg 640w, https:\/\/media.vogue.es\/photos\/5cc6fc559ba439b51e2c400d\/master\/w_800%2Cc_limit\/historia_moda_camiseta_marinera_gabrielle_chanel_brigitte_bardot_sienna_miller_alexa_chung_825339528.jpg 800w\" sizes=\"100vw\" \/><source media=\"(min-width: 768px)\" srcset=\"https:\/\/media.vogue.es\/photos\/5cc6fc559ba439b51e2c400d\/master\/w_320%2Cc_limit\/historia_moda_camiseta_marinera_gabrielle_chanel_brigitte_bardot_sienna_miller_alexa_chung_825339528.jpg 320w, https:\/\/media.vogue.es\/photos\/5cc6fc559ba439b51e2c400d\/master\/w_640%2Cc_limit\/historia_moda_camiseta_marinera_gabrielle_chanel_brigitte_bardot_sienna_miller_alexa_chung_825339528.jpg 640w, https:\/\/media.vogue.es\/photos\/5cc6fc559ba439b51e2c400d\/master\/w_960%2Cc_limit\/historia_moda_camiseta_marinera_gabrielle_chanel_brigitte_bardot_sienna_miller_alexa_chung_825339528.jpg 960w, https:\/\/media.vogue.es\/photos\/5cc6fc559ba439b51e2c400d\/master\/w_1280%2Cc_limit\/historia_moda_camiseta_marinera_gabrielle_chanel_brigitte_bardot_sienna_miller_alexa_chung_825339528.jpg 1280w, https:\/\/media.vogue.es\/photos\/5cc6fc559ba439b51e2c400d\/master\/w_1600%2Cc_limit\/historia_moda_camiseta_marinera_gabrielle_chanel_brigitte_bardot_sienna_miller_alexa_chung_825339528.jpg 1600w, https:\/\/media.vogue.es\/photos\/5cc6fc559ba439b51e2c400d\/master\/w_1920%2Cc_limit\/historia_moda_camiseta_marinera_gabrielle_chanel_brigitte_bardot_sienna_miller_alexa_chung_825339528.jpg 1920w, https:\/\/media.vogue.es\/photos\/5cc6fc559ba439b51e2c400d\/master\/w_2240%2Cc_limit\/historia_moda_camiseta_marinera_gabrielle_chanel_brigitte_bardot_sienna_miller_alexa_chung_825339528.jpg 2240w, https:\/\/media.vogue.es\/photos\/5cc6fc559ba439b51e2c400d\/master\/w_2580%2Cc_limit\/historia_moda_camiseta_marinera_gabrielle_chanel_brigitte_bardot_sienna_miller_alexa_chung_825339528.jpg 2580w\" sizes=\"100vw\" \/><\/picture><\/span><\/div>\n<\/div>\n<\/div>\n<\/figure>\n<\/div>\n<\/div>\n<p>&nbsp;<\/p>\n<div>\n<div class=\"GallerySlideWrapper-deKbuV drtTMW\" data-event-boundary=\"click\" data-in-view=\"{&quot;pattern&quot;:&quot;GallerySlide&quot;}\" data-event-click=\"{&quot;pattern&quot;:&quot;GallerySlide&quot;}\" orientation=\"landscape\" data-testid=\"GallerySlideWrapper\" data-include-experiments=\"true\">\n<figure class=\"GallerySlideFigure-hyAGVk nPCSW\">\n<div orientation=\"landscape\" class=\"GallerySlideAssetWrapper-hzACFZ RxJPG\">\n<div class=\"GallerySlideAssetContainer-hNIKGR hVQpXI\">\n<div class=\"GallerySlideAssetContainerInner-jXaSRz fpQehH\"><span class=\"SpanWrapper-kGGzGm fCMktF responsive-asset GallerySlideResponsiveAsset-kJgSyW ehONxO\"><picture class=\"ResponsiveImagePicture-jIKgcS fArnhQ GallerySlideResponsiveAsset-kJgSyW ehONxO responsive-image\"><source media=\"(max-width: 767px)\" srcset=\"https:\/\/media.vogue.es\/photos\/5cc6fc5557935a4e40a206c1\/master\/w_120%2Cc_limit\/historia_moda_camiseta_marinera_gabrielle_chanel_brigitte_bardot_sienna_miller_alexa_chung_722895086.jpg 120w, https:\/\/media.vogue.es\/photos\/5cc6fc5557935a4e40a206c1\/master\/w_240%2Cc_limit\/historia_moda_camiseta_marinera_gabrielle_chanel_brigitte_bardot_sienna_miller_alexa_chung_722895086.jpg 240w, https:\/\/media.vogue.es\/photos\/5cc6fc5557935a4e40a206c1\/master\/w_320%2Cc_limit\/historia_moda_camiseta_marinera_gabrielle_chanel_brigitte_bardot_sienna_miller_alexa_chung_722895086.jpg 320w, https:\/\/media.vogue.es\/photos\/5cc6fc5557935a4e40a206c1\/master\/w_640%2Cc_limit\/historia_moda_camiseta_marinera_gabrielle_chanel_brigitte_bardot_sienna_miller_alexa_chung_722895086.jpg 640w, https:\/\/media.vogue.es\/photos\/5cc6fc5557935a4e40a206c1\/master\/w_800%2Cc_limit\/historia_moda_camiseta_marinera_gabrielle_chanel_brigitte_bardot_sienna_miller_alexa_chung_722895086.jpg 800w\" sizes=\"100vw\" \/><source media=\"(min-width: 768px)\" srcset=\"https:\/\/media.vogue.es\/photos\/5cc6fc5557935a4e40a206c1\/master\/w_320%2Cc_limit\/historia_moda_camiseta_marinera_gabrielle_chanel_brigitte_bardot_sienna_miller_alexa_chung_722895086.jpg 320w, https:\/\/media.vogue.es\/photos\/5cc6fc5557935a4e40a206c1\/master\/w_640%2Cc_limit\/historia_moda_camiseta_marinera_gabrielle_chanel_brigitte_bardot_sienna_miller_alexa_chung_722895086.jpg 640w, https:\/\/media.vogue.es\/photos\/5cc6fc5557935a4e40a206c1\/master\/w_960%2Cc_limit\/historia_moda_camiseta_marinera_gabrielle_chanel_brigitte_bardot_sienna_miller_alexa_chung_722895086.jpg 960w, https:\/\/media.vogue.es\/photos\/5cc6fc5557935a4e40a206c1\/master\/w_1280%2Cc_limit\/historia_moda_camiseta_marinera_gabrielle_chanel_brigitte_bardot_sienna_miller_alexa_chung_722895086.jpg 1280w, https:\/\/media.vogue.es\/photos\/5cc6fc5557935a4e40a206c1\/master\/w_1600%2Cc_limit\/historia_moda_camiseta_marinera_gabrielle_chanel_brigitte_bardot_sienna_miller_alexa_chung_722895086.jpg 1600w, https:\/\/media.vogue.es\/photos\/5cc6fc5557935a4e40a206c1\/master\/w_1920%2Cc_limit\/historia_moda_camiseta_marinera_gabrielle_chanel_brigitte_bardot_sienna_miller_alexa_chung_722895086.jpg 1920w, https:\/\/media.vogue.es\/photos\/5cc6fc5557935a4e40a206c1\/master\/w_2240%2Cc_limit\/historia_moda_camiseta_marinera_gabrielle_chanel_brigitte_bardot_sienna_miller_alexa_chung_722895086.jpg 2240w, https:\/\/media.vogue.es\/photos\/5cc6fc5557935a4e40a206c1\/master\/w_2580%2Cc_limit\/historia_moda_camiseta_marinera_gabrielle_chanel_brigitte_bardot_sienna_miller_alexa_chung_722895086.jpg 2580w\" sizes=\"100vw\" \/><\/picture><\/span><\/div>\n<\/div>\n<\/div>\n<\/figure>\n<\/div>\n<\/div>\n<p>[\/et_pb_text][\/et_pb_column][et_pb_column type=\u00bb1_2&#8243; specialty_columns=\u00bb2&#8243; _builder_version=\u00bb3.25&#8243; custom_padding=\u00bb|||\u00bb custom_padding__hover=\u00bb|||\u00bb][et_pb_row_inner column_structure=\u00bbundefined\u00bb _builder_version=\u00bb3.25.4&#8243;][et_pb_column_inner type=\u00bbundefined\u00bb saved_specialty_column_type=\u00bb1_2&#8243; _builder_version=\u00bb3.25.4&#8243;][et_pb_image src=\u00bbhttp:\/\/halterestudio.com\/wp-content\/uploads\/2022\/06\/jean_seberg_g_1-z.jpg\u00bb force_fullwidth=\u00bbon\u00bb _builder_version=\u00bb3.25.4&#8243;][\/et_pb_image][\/et_pb_column_inner][\/et_pb_row_inner][\/et_pb_column][\/et_pb_section]<\/p>\n","protected":false},"excerpt":{"rendered":"<p>[et_pb_section fb_built=\u00bb1&#8243; specialty=\u00bbon\u00bb _builder_version=\u00bb3.25.4&#8243; min_height=\u00bb864px\u00bb custom_padding=\u00bb5px|||||\u00bb][et_pb_column type=\u00bb1_2&#8243; _builder_version=\u00bb3.25&#8243; custom_padding=\u00bb|||\u00bb custom_padding__hover=\u00bb|||\u00bb][et_pb_text _builder_version=\u00bb3.25.4&#8243; text_font=\u00bbBEBAS||||||||\u00bb text_text_align=\u00bbleft\u00bb text_text_color=\u00bb#000000&#8243; text_font_size=\u00bb40px\u00bb text_line_height=\u00bb1em\u00bb] La camiseta marinera a trav\u00e9s de la historia de la moda [\/et_pb_text][et_pb_text _builder_version=\u00bb3.25.4&#8243;] Su primera encarnaci\u00f3n tuvo lugar en Breta\u00f1a, donde la lana bretona era tejida firmemente para confeccionar su\u00e9teres que los pescadores usaban para abrigarse cuando sal\u00edan a [&hellip;]<\/p>\n","protected":false},"author":1,"featured_media":3453,"comment_status":"closed","ping_status":"closed","sticky":false,"template":"","format":"standard","meta":{"_et_pb_use_builder":"on","_et_pb_old_content":"","footnotes":""},"categories":[7],"tags":[],"yoast_head":"<!-- This site is optimized with the Yoast SEO plugin v22.7 - https:\/\/yoast.com\/wordpress\/plugins\/seo\/ -->\n<title>La camiseta marinera - halterestudio Escuela de Patronaje y Moda de Granada<\/title>\n<meta name=\"description\" content=\"halterestudio La camiseta marinera Se comenta\" \/>\n<meta name=\"robots\" content=\"index, follow, max-snippet:-1, max-image-preview:large, max-video-preview:-1\" \/>\n<link rel=\"canonical\" href=\"https:\/\/halterestudio.com\/index.php\/2022\/06\/05\/3207\/\" \/>\n<meta property=\"og:locale\" content=\"es_ES\" \/>\n<meta property=\"og:type\" content=\"article\" \/>\n<meta property=\"og:title\" content=\"La camiseta marinera - halterestudio Escuela de Patronaje y Moda de Granada\" \/>\n<meta property=\"og:description\" content=\"halterestudio La camiseta marinera Se comenta\" \/>\n<meta property=\"og:url\" content=\"https:\/\/halterestudio.com\/index.php\/2022\/06\/05\/3207\/\" \/>\n<meta property=\"og:site_name\" content=\"halterestudio\" \/>\n<meta property=\"article:publisher\" content=\"https:\/\/www.facebook.com\/halterestudio\/?modal=admin_todo_tour\" \/>\n<meta property=\"article:published_time\" content=\"2022-06-04T23:32:17+00:00\" \/>\n<meta property=\"article:modified_time\" content=\"2022-06-25T16:06:08+00:00\" \/>\n<meta property=\"og:image\" content=\"http:\/\/halterestudio.com\/wp-content\/uploads\/2022\/06\/POST-BLOG3-1.jpg\" \/>\n\t<meta property=\"og:image:width\" content=\"984\" \/>\n\t<meta property=\"og:image:height\" content=\"617\" \/>\n\t<meta property=\"og:image:type\" content=\"image\/jpeg\" \/>\n<meta name=\"author\" content=\"Halter\" \/>\n<meta name=\"twitter:card\" content=\"summary_large_image\" \/>\n<meta name=\"twitter:label1\" content=\"Escrito por\" \/>\n\t<meta name=\"twitter:data1\" content=\"\" \/>\n\t<meta name=\"twitter:label2\" content=\"Tiempo de lectura\" \/>\n\t<meta name=\"twitter:data2\" content=\"3 minutos\" \/>\n<script type=\"application\/ld+json\" class=\"yoast-schema-graph\">{\"@context\":\"https:\/\/schema.org\",\"@graph\":[{\"@type\":\"Article\",\"@id\":\"https:\/\/halterestudio.com\/index.php\/2022\/06\/05\/3207\/#article\",\"isPartOf\":{\"@id\":\"https:\/\/halterestudio.com\/index.php\/2022\/06\/05\/3207\/\"},\"author\":{\"name\":\"Halter\",\"@id\":\"https:\/\/halterestudio.com\/#\/schema\/person\/0f11bafcff7f239a227c9df25a856102\"},\"headline\":\"La camiseta marinera\",\"datePublished\":\"2022-06-04T23:32:17+00:00\",\"dateModified\":\"2022-06-25T16:06:08+00:00\",\"mainEntityOfPage\":{\"@id\":\"https:\/\/halterestudio.com\/index.php\/2022\/06\/05\/3207\/\"},\"wordCount\":523,\"publisher\":{\"@id\":\"https:\/\/halterestudio.com\/#organization\"},\"image\":{\"@id\":\"https:\/\/halterestudio.com\/index.php\/2022\/06\/05\/3207\/#primaryimage\"},\"thumbnailUrl\":\"https:\/\/halterestudio.com\/wp-content\/uploads\/2022\/06\/POST-BLOG3-1.jpg\",\"articleSection\":[\"Se comenta\"],\"inLanguage\":\"es\"},{\"@type\":\"WebPage\",\"@id\":\"https:\/\/halterestudio.com\/index.php\/2022\/06\/05\/3207\/\",\"url\":\"https:\/\/halterestudio.com\/index.php\/2022\/06\/05\/3207\/\",\"name\":\"La camiseta marinera - halterestudio Escuela de Patronaje y Moda de Granada\",\"isPartOf\":{\"@id\":\"https:\/\/halterestudio.com\/#website\"},\"primaryImageOfPage\":{\"@id\":\"https:\/\/halterestudio.com\/index.php\/2022\/06\/05\/3207\/#primaryimage\"},\"image\":{\"@id\":\"https:\/\/halterestudio.com\/index.php\/2022\/06\/05\/3207\/#primaryimage\"},\"thumbnailUrl\":\"https:\/\/halterestudio.com\/wp-content\/uploads\/2022\/06\/POST-BLOG3-1.jpg\",\"datePublished\":\"2022-06-04T23:32:17+00:00\",\"dateModified\":\"2022-06-25T16:06:08+00:00\",\"description\":\"halterestudio La camiseta marinera Se comenta\",\"breadcrumb\":{\"@id\":\"https:\/\/halterestudio.com\/index.php\/2022\/06\/05\/3207\/#breadcrumb\"},\"inLanguage\":\"es\",\"potentialAction\":[{\"@type\":\"ReadAction\",\"target\":[\"https:\/\/halterestudio.com\/index.php\/2022\/06\/05\/3207\/\"]}]},{\"@type\":\"ImageObject\",\"inLanguage\":\"es\",\"@id\":\"https:\/\/halterestudio.com\/index.php\/2022\/06\/05\/3207\/#primaryimage\",\"url\":\"https:\/\/halterestudio.com\/wp-content\/uploads\/2022\/06\/POST-BLOG3-1.jpg\",\"contentUrl\":\"https:\/\/halterestudio.com\/wp-content\/uploads\/2022\/06\/POST-BLOG3-1.jpg\",\"width\":984,\"height\":617},{\"@type\":\"BreadcrumbList\",\"@id\":\"https:\/\/halterestudio.com\/index.php\/2022\/06\/05\/3207\/#breadcrumb\",\"itemListElement\":[{\"@type\":\"ListItem\",\"position\":1,\"name\":\"Portada\",\"item\":\"https:\/\/halterestudio.com\/\"},{\"@type\":\"ListItem\",\"position\":2,\"name\":\"La camiseta marinera\"}]},{\"@type\":\"WebSite\",\"@id\":\"https:\/\/halterestudio.com\/#website\",\"url\":\"https:\/\/halterestudio.com\/\",\"name\":\"halterestudio\",\"description\":\"Escuela de patronaje y moda\",\"publisher\":{\"@id\":\"https:\/\/halterestudio.com\/#organization\"},\"potentialAction\":[{\"@type\":\"SearchAction\",\"target\":{\"@type\":\"EntryPoint\",\"urlTemplate\":\"https:\/\/halterestudio.com\/?s={search_term_string}\"},\"query-input\":\"required name=search_term_string\"}],\"inLanguage\":\"es\"},{\"@type\":\"Organization\",\"@id\":\"https:\/\/halterestudio.com\/#organization\",\"name\":\"Halter Estudio\",\"url\":\"https:\/\/halterestudio.com\/\",\"logo\":{\"@type\":\"ImageObject\",\"inLanguage\":\"es\",\"@id\":\"https:\/\/halterestudio.com\/#\/schema\/logo\/image\/\",\"url\":\"\",\"contentUrl\":\"\",\"caption\":\"Halter Estudio\"},\"image\":{\"@id\":\"https:\/\/halterestudio.com\/#\/schema\/logo\/image\/\"},\"sameAs\":[\"https:\/\/www.facebook.com\/halterestudio\/?modal=admin_todo_tour\",\"https:\/\/www.instagram.com\/halterestudio\/\"]},{\"@type\":\"Person\",\"@id\":\"https:\/\/halterestudio.com\/#\/schema\/person\/0f11bafcff7f239a227c9df25a856102\",\"name\":\"Halter\",\"url\":\"https:\/\/halterestudio.com\/index.php\/author\/david\/\"}]}<\/script>\n<!-- \/ Yoast SEO plugin. -->","yoast_head_json":{"title":"La camiseta marinera - halterestudio Escuela de Patronaje y Moda de Granada","description":"halterestudio La camiseta marinera Se comenta","robots":{"index":"index","follow":"follow","max-snippet":"max-snippet:-1","max-image-preview":"max-image-preview:large","max-video-preview":"max-video-preview:-1"},"canonical":"https:\/\/halterestudio.com\/index.php\/2022\/06\/05\/3207\/","og_locale":"es_ES","og_type":"article","og_title":"La camiseta marinera - halterestudio Escuela de Patronaje y Moda de Granada","og_description":"halterestudio La camiseta marinera Se comenta","og_url":"https:\/\/halterestudio.com\/index.php\/2022\/06\/05\/3207\/","og_site_name":"halterestudio","article_publisher":"https:\/\/www.facebook.com\/halterestudio\/?modal=admin_todo_tour","article_published_time":"2022-06-04T23:32:17+00:00","article_modified_time":"2022-06-25T16:06:08+00:00","og_image":[{"width":984,"height":617,"url":"http:\/\/halterestudio.com\/wp-content\/uploads\/2022\/06\/POST-BLOG3-1.jpg","type":"image\/jpeg"}],"author":"Halter","twitter_card":"summary_large_image","twitter_misc":{"Escrito por":false,"Tiempo de lectura":"3 minutos"},"schema":{"@context":"https:\/\/schema.org","@graph":[{"@type":"Article","@id":"https:\/\/halterestudio.com\/index.php\/2022\/06\/05\/3207\/#article","isPartOf":{"@id":"https:\/\/halterestudio.com\/index.php\/2022\/06\/05\/3207\/"},"author":{"name":"Halter","@id":"https:\/\/halterestudio.com\/#\/schema\/person\/0f11bafcff7f239a227c9df25a856102"},"headline":"La camiseta marinera","datePublished":"2022-06-04T23:32:17+00:00","dateModified":"2022-06-25T16:06:08+00:00","mainEntityOfPage":{"@id":"https:\/\/halterestudio.com\/index.php\/2022\/06\/05\/3207\/"},"wordCount":523,"publisher":{"@id":"https:\/\/halterestudio.com\/#organization"},"image":{"@id":"https:\/\/halterestudio.com\/index.php\/2022\/06\/05\/3207\/#primaryimage"},"thumbnailUrl":"https:\/\/halterestudio.com\/wp-content\/uploads\/2022\/06\/POST-BLOG3-1.jpg","articleSection":["Se comenta"],"inLanguage":"es"},{"@type":"WebPage","@id":"https:\/\/halterestudio.com\/index.php\/2022\/06\/05\/3207\/","url":"https:\/\/halterestudio.com\/index.php\/2022\/06\/05\/3207\/","name":"La camiseta marinera - halterestudio Escuela de Patronaje y Moda de Granada","isPartOf":{"@id":"https:\/\/halterestudio.com\/#website"},"primaryImageOfPage":{"@id":"https:\/\/halterestudio.com\/index.php\/2022\/06\/05\/3207\/#primaryimage"},"image":{"@id":"https:\/\/halterestudio.com\/index.php\/2022\/06\/05\/3207\/#primaryimage"},"thumbnailUrl":"https:\/\/halterestudio.com\/wp-content\/uploads\/2022\/06\/POST-BLOG3-1.jpg","datePublished":"2022-06-04T23:32:17+00:00","dateModified":"2022-06-25T16:06:08+00:00","description":"halterestudio La camiseta marinera Se comenta","breadcrumb":{"@id":"https:\/\/halterestudio.com\/index.php\/2022\/06\/05\/3207\/#breadcrumb"},"inLanguage":"es","potentialAction":[{"@type":"ReadAction","target":["https:\/\/halterestudio.com\/index.php\/2022\/06\/05\/3207\/"]}]},{"@type":"ImageObject","inLanguage":"es","@id":"https:\/\/halterestudio.com\/index.php\/2022\/06\/05\/3207\/#primaryimage","url":"https:\/\/halterestudio.com\/wp-content\/uploads\/2022\/06\/POST-BLOG3-1.jpg","contentUrl":"https:\/\/halterestudio.com\/wp-content\/uploads\/2022\/06\/POST-BLOG3-1.jpg","width":984,"height":617},{"@type":"BreadcrumbList","@id":"https:\/\/halterestudio.com\/index.php\/2022\/06\/05\/3207\/#breadcrumb","itemListElement":[{"@type":"ListItem","position":1,"name":"Portada","item":"https:\/\/halterestudio.com\/"},{"@type":"ListItem","position":2,"name":"La camiseta marinera"}]},{"@type":"WebSite","@id":"https:\/\/halterestudio.com\/#website","url":"https:\/\/halterestudio.com\/","name":"halterestudio","description":"Escuela de patronaje y moda","publisher":{"@id":"https:\/\/halterestudio.com\/#organization"},"potentialAction":[{"@type":"SearchAction","target":{"@type":"EntryPoint","urlTemplate":"https:\/\/halterestudio.com\/?s={search_term_string}"},"query-input":"required name=search_term_string"}],"inLanguage":"es"},{"@type":"Organization","@id":"https:\/\/halterestudio.com\/#organization","name":"Halter Estudio","url":"https:\/\/halterestudio.com\/","logo":{"@type":"ImageObject","inLanguage":"es","@id":"https:\/\/halterestudio.com\/#\/schema\/logo\/image\/","url":"","contentUrl":"","caption":"Halter Estudio"},"image":{"@id":"https:\/\/halterestudio.com\/#\/schema\/logo\/image\/"},"sameAs":["https:\/\/www.facebook.com\/halterestudio\/?modal=admin_todo_tour","https:\/\/www.instagram.com\/halterestudio\/"]},{"@type":"Person","@id":"https:\/\/halterestudio.com\/#\/schema\/person\/0f11bafcff7f239a227c9df25a856102","name":"Halter","url":"https:\/\/halterestudio.com\/index.php\/author\/david\/"}]}},"_links":{"self":[{"href":"https:\/\/halterestudio.com\/index.php\/wp-json\/wp\/v2\/posts\/3207"}],"collection":[{"href":"https:\/\/halterestudio.com\/index.php\/wp-json\/wp\/v2\/posts"}],"about":[{"href":"https:\/\/halterestudio.com\/index.php\/wp-json\/wp\/v2\/types\/post"}],"author":[{"embeddable":true,"href":"https:\/\/halterestudio.com\/index.php\/wp-json\/wp\/v2\/users\/1"}],"replies":[{"embeddable":true,"href":"https:\/\/halterestudio.com\/index.php\/wp-json\/wp\/v2\/comments?post=3207"}],"version-history":[{"count":8,"href":"https:\/\/halterestudio.com\/index.php\/wp-json\/wp\/v2\/posts\/3207\/revisions"}],"predecessor-version":[{"id":3240,"href":"https:\/\/halterestudio.com\/index.php\/wp-json\/wp\/v2\/posts\/3207\/revisions\/3240"}],"wp:featuredmedia":[{"embeddable":true,"href":"https:\/\/halterestudio.com\/index.php\/wp-json\/wp\/v2\/media\/3453"}],"wp:attachment":[{"href":"https:\/\/halterestudio.com\/index.php\/wp-json\/wp\/v2\/media?parent=3207"}],"wp:term":[{"taxonomy":"category","embeddable":true,"href":"https:\/\/halterestudio.com\/index.php\/wp-json\/wp\/v2\/categories?post=3207"},{"taxonomy":"post_tag","embeddable":true,"href":"https:\/\/halterestudio.com\/index.php\/wp-json\/wp\/v2\/tags?post=3207"}],"curies":[{"name":"wp","href":"https:\/\/api.w.org\/{rel}","templated":true}]}}