{"id":3436,"date":"2022-06-25T14:58:04","date_gmt":"2022-06-25T12:58:04","guid":{"rendered":"http:\/\/halterestudio.com\/?p=3436"},"modified":"2023-12-14T13:51:22","modified_gmt":"2023-12-14T12:51:22","slug":"balenciaga","status":"publish","type":"post","link":"https:\/\/halterestudio.com\/index.php\/2022\/06\/25\/balenciaga\/","title":{"rendered":"BALENCIAGA EL ARTE DEL  SOMBRERO"},"content":{"rendered":"<p>[et_pb_section fb_built=\u00bb1&#8243; specialty=\u00bbon\u00bb _builder_version=\u00bb3.25.4&#8243;][et_pb_column type=\u00bb1_2&#8243; _builder_version=\u00bb3.25&#8243; custom_padding=\u00bb|||\u00bb custom_padding__hover=\u00bb|||\u00bb][et_pb_text _builder_version=\u00bb3.25.4&#8243; text_font=\u00bbBEBAS||||||||\u00bb text_text_color=\u00bb#000000&#8243; text_font_size=\u00bb40px\u00bb]<\/p>\n<p>BALENCIAGA EL ARTE DEL SOMBRERO<\/p>\n<p>[\/et_pb_text][et_pb_text _builder_version=\u00bb3.25.4&#8243; inline_fonts=\u00bbBEBAS\u00bb]<\/p>\n<p>Un libro que te llevara a lo largo del tiempo reforzando la idea de elegancia, de prestigio y de exuberancia que conjugan las creaciones Sus creaciones de sombrerer\u00eda fueron consideradas las m\u00e1s nuevas, las modernas de su momento. Tambi\u00e9n se inspir\u00f3 en la tradici\u00f3n y en las tipolog\u00edas de tocados para relanzarlos Balenciaga marcaba las tendencias de la moda, era el pacesetter.<\/p>\n<p>Entre los a\u00f1os 1940 y el 1960, los sombreros de Crist\u00f3bal Balenciaga, uno de los dise\u00f1adores espa\u00f1oles de m\u00e1s renombre internacional, triunfaban a las pasarelas de alta costura y se paseaban con estilo y elegancia por las calles de las ciudades del mundo que marcaban las tendencias de la moda. Pues ahora los ten\u00e9is reunidos para disfrutarlos o descubrirlos en este libro que acompa\u00f1a la exposici\u00f3n que se har\u00e1 al Museo del Dise\u00f1o de Barcelona, la primera exposici\u00f3n espec\u00edficamente dedicada a los sombreros de Balenciaga que se ha hecho nunca.<\/p>\n<p>El libro recoge piezas y conjuntos creados a los departamentos de barreteria de la casa de alta costura a Par\u00eds y Madrid, desde finales de los a\u00f1os treinta hasta el cierre de las casas de Balenciaga el 1968. Un recorrido, a trav\u00e9s de los sombreros que os permitir\u00e1 conocer sus funciones y la evoluci\u00f3n de la moda de los tocados entre 1940 y 1960; adentraros en la Casa Balenciaga y en especial en sus secciones de barreteria, y, finalmente, leer una colaboraci\u00f3n de Philip Treacy, uno de los creadores de sombreros m\u00e1s famoso y genial de los \u00faltimos a\u00f1os.<\/p>\n<p>A trav\u00e9s de las p\u00e1ginas del libro podr\u00e9is conocer la sobriedad y la elegancia que caracterizaban todos los dise\u00f1os de Balenciaga, y apreciar, en especial, la calidad y la belleza de los materiales y la destreza t\u00e9cnica que se invert\u00edan en la confecci\u00f3n de estas creaciones \u00fanicas. Cada uno de los 87 sombreros que figuran en el libro os impresionar\u00e1n.<\/p>\n<p>[\/et_pb_text][\/et_pb_column][et_pb_column type=\u00bb1_2&#8243; specialty_columns=\u00bb2&#8243; _builder_version=\u00bb3.25&#8243; custom_padding=\u00bb|||\u00bb custom_padding__hover=\u00bb|||\u00bb][et_pb_row_inner column_structure=\u00bb1_2,1_2&#8243; _builder_version=\u00bb3.25.4&#8243;][et_pb_column_inner type=\u00bb1_2&#8243; saved_specialty_column_type=\u00bb1_2&#8243; _builder_version=\u00bb3.25.4&#8243;][et_pb_image src=\u00bbhttp:\/\/halterestudio.com\/wp-content\/uploads\/2022\/06\/BALENCIAGA2.jpg\u00bb _builder_version=\u00bb3.25.4&#8243;][\/et_pb_image][\/et_pb_column_inner][et_pb_column_inner type=\u00bb1_2&#8243; saved_specialty_column_type=\u00bb1_2&#8243; _builder_version=\u00bb3.25.4&#8243;][et_pb_image src=\u00bbhttp:\/\/halterestudio.com\/wp-content\/uploads\/2022\/06\/BALENCIAGA.jpg\u00bb _builder_version=\u00bb3.25.4&#8243;][\/et_pb_image][\/et_pb_column_inner][\/et_pb_row_inner][et_pb_row_inner _builder_version=\u00bb3.25.4&#8243;][et_pb_column_inner saved_specialty_column_type=\u00bb1_2&#8243; _builder_version=\u00bb3.25.4&#8243;][et_pb_image src=\u00bbhttp:\/\/halterestudio.com\/wp-content\/uploads\/2022\/06\/BALE.jpg\u00bb _builder_version=\u00bb3.25.4&#8243;][\/et_pb_image][\/et_pb_column_inner][\/et_pb_row_inner][et_pb_row_inner _builder_version=\u00bb3.25.4&#8243;][et_pb_column_inner saved_specialty_column_type=\u00bb1_2&#8243; _builder_version=\u00bb3.25.4&#8243;][et_pb_image src=\u00bbhttp:\/\/halterestudio.com\/wp-content\/uploads\/2022\/06\/BAL.jpg\u00bb _builder_version=\u00bb3.25.4&#8243;][\/et_pb_image][\/et_pb_column_inner][\/et_pb_row_inner][\/et_pb_column][\/et_pb_section]<\/p>\n","protected":false},"excerpt":{"rendered":"<p>[et_pb_section fb_built=\u00bb1&#8243; specialty=\u00bbon\u00bb _builder_version=\u00bb3.25.4&#8243;][et_pb_column type=\u00bb1_2&#8243; _builder_version=\u00bb3.25&#8243; custom_padding=\u00bb|||\u00bb custom_padding__hover=\u00bb|||\u00bb][et_pb_text _builder_version=\u00bb3.25.4&#8243; text_font=\u00bbBEBAS||||||||\u00bb text_text_color=\u00bb#000000&#8243; text_font_size=\u00bb40px\u00bb] BALENCIAGA EL ARTE DEL SOMBRERO [\/et_pb_text][et_pb_text _builder_version=\u00bb3.25.4&#8243; inline_fonts=\u00bbBEBAS\u00bb] Un libro que te llevara a lo largo del tiempo reforzando la idea de elegancia, de prestigio y de exuberancia que conjugan las creaciones Sus creaciones de sombrerer\u00eda fueron consideradas las m\u00e1s nuevas, las modernas [&hellip;]<\/p>\n","protected":false},"author":1,"featured_media":3336,"comment_status":"closed","ping_status":"closed","sticky":false,"template":"","format":"standard","meta":{"_et_pb_use_builder":"on","_et_pb_old_content":"","footnotes":""},"categories":[7],"tags":[],"yoast_head":"<!-- This site is optimized with the Yoast SEO plugin v22.7 - https:\/\/yoast.com\/wordpress\/plugins\/seo\/ -->\n<title>BALENCIAGA EL ARTE DEL SOMBRERO - halterestudio Escuela de Patronaje y Moda de Granada<\/title>\n<meta name=\"description\" content=\"halterestudio BALENCIAGA EL ARTE DEL SOMBRERO\" \/>\n<meta name=\"robots\" content=\"index, follow, max-snippet:-1, max-image-preview:large, max-video-preview:-1\" \/>\n<link rel=\"canonical\" href=\"https:\/\/halterestudio.com\/index.php\/2022\/06\/25\/balenciaga\/\" \/>\n<meta property=\"og:locale\" content=\"es_ES\" \/>\n<meta property=\"og:type\" content=\"article\" \/>\n<meta property=\"og:title\" content=\"BALENCIAGA EL ARTE DEL SOMBRERO - halterestudio Escuela de Patronaje y Moda de Granada\" \/>\n<meta property=\"og:description\" content=\"halterestudio BALENCIAGA EL ARTE DEL SOMBRERO\" \/>\n<meta property=\"og:url\" content=\"https:\/\/halterestudio.com\/index.php\/2022\/06\/25\/balenciaga\/\" \/>\n<meta property=\"og:site_name\" content=\"halterestudio\" \/>\n<meta property=\"article:publisher\" content=\"https:\/\/www.facebook.com\/halterestudio\/?modal=admin_todo_tour\" \/>\n<meta property=\"article:published_time\" content=\"2022-06-25T12:58:04+00:00\" \/>\n<meta property=\"article:modified_time\" content=\"2023-12-14T12:51:22+00:00\" \/>\n<meta property=\"og:image\" content=\"http:\/\/halterestudio.com\/wp-content\/uploads\/2022\/06\/POST-BLOG3.jpg\" \/>\n\t<meta property=\"og:image:width\" content=\"2050\" \/>\n\t<meta property=\"og:image:height\" content=\"1285\" \/>\n\t<meta property=\"og:image:type\" content=\"image\/jpeg\" \/>\n<meta name=\"author\" content=\"Halter\" \/>\n<meta name=\"twitter:card\" content=\"summary_large_image\" \/>\n<meta name=\"twitter:label1\" content=\"Escrito por\" \/>\n\t<meta name=\"twitter:data1\" content=\"\" \/>\n\t<meta name=\"twitter:label2\" content=\"Tiempo de lectura\" \/>\n\t<meta name=\"twitter:data2\" content=\"3 minutos\" \/>\n<script type=\"application\/ld+json\" class=\"yoast-schema-graph\">{\"@context\":\"https:\/\/schema.org\",\"@graph\":[{\"@type\":\"Article\",\"@id\":\"https:\/\/halterestudio.com\/index.php\/2022\/06\/25\/balenciaga\/#article\",\"isPartOf\":{\"@id\":\"https:\/\/halterestudio.com\/index.php\/2022\/06\/25\/balenciaga\/\"},\"author\":{\"name\":\"Halter\",\"@id\":\"https:\/\/halterestudio.com\/#\/schema\/person\/0f11bafcff7f239a227c9df25a856102\"},\"headline\":\"BALENCIAGA EL ARTE DEL SOMBRERO\",\"datePublished\":\"2022-06-25T12:58:04+00:00\",\"dateModified\":\"2023-12-14T12:51:22+00:00\",\"mainEntityOfPage\":{\"@id\":\"https:\/\/halterestudio.com\/index.php\/2022\/06\/25\/balenciaga\/\"},\"wordCount\":571,\"publisher\":{\"@id\":\"https:\/\/halterestudio.com\/#organization\"},\"image\":{\"@id\":\"https:\/\/halterestudio.com\/index.php\/2022\/06\/25\/balenciaga\/#primaryimage\"},\"thumbnailUrl\":\"https:\/\/halterestudio.com\/wp-content\/uploads\/2022\/06\/POST-BLOG3.jpg\",\"articleSection\":[\"Se comenta\"],\"inLanguage\":\"es\"},{\"@type\":\"WebPage\",\"@id\":\"https:\/\/halterestudio.com\/index.php\/2022\/06\/25\/balenciaga\/\",\"url\":\"https:\/\/halterestudio.com\/index.php\/2022\/06\/25\/balenciaga\/\",\"name\":\"BALENCIAGA EL ARTE DEL SOMBRERO - halterestudio Escuela de Patronaje y Moda de Granada\",\"isPartOf\":{\"@id\":\"https:\/\/halterestudio.com\/#website\"},\"primaryImageOfPage\":{\"@id\":\"https:\/\/halterestudio.com\/index.php\/2022\/06\/25\/balenciaga\/#primaryimage\"},\"image\":{\"@id\":\"https:\/\/halterestudio.com\/index.php\/2022\/06\/25\/balenciaga\/#primaryimage\"},\"thumbnailUrl\":\"https:\/\/halterestudio.com\/wp-content\/uploads\/2022\/06\/POST-BLOG3.jpg\",\"datePublished\":\"2022-06-25T12:58:04+00:00\",\"dateModified\":\"2023-12-14T12:51:22+00:00\",\"description\":\"halterestudio BALENCIAGA EL ARTE DEL SOMBRERO\",\"breadcrumb\":{\"@id\":\"https:\/\/halterestudio.com\/index.php\/2022\/06\/25\/balenciaga\/#breadcrumb\"},\"inLanguage\":\"es\",\"potentialAction\":[{\"@type\":\"ReadAction\",\"target\":[\"https:\/\/halterestudio.com\/index.php\/2022\/06\/25\/balenciaga\/\"]}]},{\"@type\":\"ImageObject\",\"inLanguage\":\"es\",\"@id\":\"https:\/\/halterestudio.com\/index.php\/2022\/06\/25\/balenciaga\/#primaryimage\",\"url\":\"https:\/\/halterestudio.com\/wp-content\/uploads\/2022\/06\/POST-BLOG3.jpg\",\"contentUrl\":\"https:\/\/halterestudio.com\/wp-content\/uploads\/2022\/06\/POST-BLOG3.jpg\",\"width\":2050,\"height\":1285},{\"@type\":\"BreadcrumbList\",\"@id\":\"https:\/\/halterestudio.com\/index.php\/2022\/06\/25\/balenciaga\/#breadcrumb\",\"itemListElement\":[{\"@type\":\"ListItem\",\"position\":1,\"name\":\"Portada\",\"item\":\"https:\/\/halterestudio.com\/\"},{\"@type\":\"ListItem\",\"position\":2,\"name\":\"BALENCIAGA EL ARTE DEL SOMBRERO\"}]},{\"@type\":\"WebSite\",\"@id\":\"https:\/\/halterestudio.com\/#website\",\"url\":\"https:\/\/halterestudio.com\/\",\"name\":\"halterestudio\",\"description\":\"Escuela de patronaje y moda\",\"publisher\":{\"@id\":\"https:\/\/halterestudio.com\/#organization\"},\"potentialAction\":[{\"@type\":\"SearchAction\",\"target\":{\"@type\":\"EntryPoint\",\"urlTemplate\":\"https:\/\/halterestudio.com\/?s={search_term_string}\"},\"query-input\":\"required name=search_term_string\"}],\"inLanguage\":\"es\"},{\"@type\":\"Organization\",\"@id\":\"https:\/\/halterestudio.com\/#organization\",\"name\":\"Halter Estudio\",\"url\":\"https:\/\/halterestudio.com\/\",\"logo\":{\"@type\":\"ImageObject\",\"inLanguage\":\"es\",\"@id\":\"https:\/\/halterestudio.com\/#\/schema\/logo\/image\/\",\"url\":\"\",\"contentUrl\":\"\",\"caption\":\"Halter Estudio\"},\"image\":{\"@id\":\"https:\/\/halterestudio.com\/#\/schema\/logo\/image\/\"},\"sameAs\":[\"https:\/\/www.facebook.com\/halterestudio\/?modal=admin_todo_tour\",\"https:\/\/www.instagram.com\/halterestudio\/\"]},{\"@type\":\"Person\",\"@id\":\"https:\/\/halterestudio.com\/#\/schema\/person\/0f11bafcff7f239a227c9df25a856102\",\"name\":\"Halter\",\"url\":\"https:\/\/halterestudio.com\/index.php\/author\/david\/\"}]}<\/script>\n<!-- \/ Yoast SEO plugin. -->","yoast_head_json":{"title":"BALENCIAGA EL ARTE DEL SOMBRERO - halterestudio Escuela de Patronaje y Moda de Granada","description":"halterestudio BALENCIAGA EL ARTE DEL SOMBRERO","robots":{"index":"index","follow":"follow","max-snippet":"max-snippet:-1","max-image-preview":"max-image-preview:large","max-video-preview":"max-video-preview:-1"},"canonical":"https:\/\/halterestudio.com\/index.php\/2022\/06\/25\/balenciaga\/","og_locale":"es_ES","og_type":"article","og_title":"BALENCIAGA EL ARTE DEL SOMBRERO - halterestudio Escuela de Patronaje y Moda de Granada","og_description":"halterestudio BALENCIAGA EL ARTE DEL SOMBRERO","og_url":"https:\/\/halterestudio.com\/index.php\/2022\/06\/25\/balenciaga\/","og_site_name":"halterestudio","article_publisher":"https:\/\/www.facebook.com\/halterestudio\/?modal=admin_todo_tour","article_published_time":"2022-06-25T12:58:04+00:00","article_modified_time":"2023-12-14T12:51:22+00:00","og_image":[{"width":2050,"height":1285,"url":"http:\/\/halterestudio.com\/wp-content\/uploads\/2022\/06\/POST-BLOG3.jpg","type":"image\/jpeg"}],"author":"Halter","twitter_card":"summary_large_image","twitter_misc":{"Escrito por":false,"Tiempo de lectura":"3 minutos"},"schema":{"@context":"https:\/\/schema.org","@graph":[{"@type":"Article","@id":"https:\/\/halterestudio.com\/index.php\/2022\/06\/25\/balenciaga\/#article","isPartOf":{"@id":"https:\/\/halterestudio.com\/index.php\/2022\/06\/25\/balenciaga\/"},"author":{"name":"Halter","@id":"https:\/\/halterestudio.com\/#\/schema\/person\/0f11bafcff7f239a227c9df25a856102"},"headline":"BALENCIAGA EL ARTE DEL SOMBRERO","datePublished":"2022-06-25T12:58:04+00:00","dateModified":"2023-12-14T12:51:22+00:00","mainEntityOfPage":{"@id":"https:\/\/halterestudio.com\/index.php\/2022\/06\/25\/balenciaga\/"},"wordCount":571,"publisher":{"@id":"https:\/\/halterestudio.com\/#organization"},"image":{"@id":"https:\/\/halterestudio.com\/index.php\/2022\/06\/25\/balenciaga\/#primaryimage"},"thumbnailUrl":"https:\/\/halterestudio.com\/wp-content\/uploads\/2022\/06\/POST-BLOG3.jpg","articleSection":["Se comenta"],"inLanguage":"es"},{"@type":"WebPage","@id":"https:\/\/halterestudio.com\/index.php\/2022\/06\/25\/balenciaga\/","url":"https:\/\/halterestudio.com\/index.php\/2022\/06\/25\/balenciaga\/","name":"BALENCIAGA EL ARTE DEL SOMBRERO - halterestudio Escuela de Patronaje y Moda de Granada","isPartOf":{"@id":"https:\/\/halterestudio.com\/#website"},"primaryImageOfPage":{"@id":"https:\/\/halterestudio.com\/index.php\/2022\/06\/25\/balenciaga\/#primaryimage"},"image":{"@id":"https:\/\/halterestudio.com\/index.php\/2022\/06\/25\/balenciaga\/#primaryimage"},"thumbnailUrl":"https:\/\/halterestudio.com\/wp-content\/uploads\/2022\/06\/POST-BLOG3.jpg","datePublished":"2022-06-25T12:58:04+00:00","dateModified":"2023-12-14T12:51:22+00:00","description":"halterestudio BALENCIAGA EL ARTE DEL SOMBRERO","breadcrumb":{"@id":"https:\/\/halterestudio.com\/index.php\/2022\/06\/25\/balenciaga\/#breadcrumb"},"inLanguage":"es","potentialAction":[{"@type":"ReadAction","target":["https:\/\/halterestudio.com\/index.php\/2022\/06\/25\/balenciaga\/"]}]},{"@type":"ImageObject","inLanguage":"es","@id":"https:\/\/halterestudio.com\/index.php\/2022\/06\/25\/balenciaga\/#primaryimage","url":"https:\/\/halterestudio.com\/wp-content\/uploads\/2022\/06\/POST-BLOG3.jpg","contentUrl":"https:\/\/halterestudio.com\/wp-content\/uploads\/2022\/06\/POST-BLOG3.jpg","width":2050,"height":1285},{"@type":"BreadcrumbList","@id":"https:\/\/halterestudio.com\/index.php\/2022\/06\/25\/balenciaga\/#breadcrumb","itemListElement":[{"@type":"ListItem","position":1,"name":"Portada","item":"https:\/\/halterestudio.com\/"},{"@type":"ListItem","position":2,"name":"BALENCIAGA EL ARTE DEL SOMBRERO"}]},{"@type":"WebSite","@id":"https:\/\/halterestudio.com\/#website","url":"https:\/\/halterestudio.com\/","name":"halterestudio","description":"Escuela de patronaje y moda","publisher":{"@id":"https:\/\/halterestudio.com\/#organization"},"potentialAction":[{"@type":"SearchAction","target":{"@type":"EntryPoint","urlTemplate":"https:\/\/halterestudio.com\/?s={search_term_string}"},"query-input":"required name=search_term_string"}],"inLanguage":"es"},{"@type":"Organization","@id":"https:\/\/halterestudio.com\/#organization","name":"Halter Estudio","url":"https:\/\/halterestudio.com\/","logo":{"@type":"ImageObject","inLanguage":"es","@id":"https:\/\/halterestudio.com\/#\/schema\/logo\/image\/","url":"","contentUrl":"","caption":"Halter Estudio"},"image":{"@id":"https:\/\/halterestudio.com\/#\/schema\/logo\/image\/"},"sameAs":["https:\/\/www.facebook.com\/halterestudio\/?modal=admin_todo_tour","https:\/\/www.instagram.com\/halterestudio\/"]},{"@type":"Person","@id":"https:\/\/halterestudio.com\/#\/schema\/person\/0f11bafcff7f239a227c9df25a856102","name":"Halter","url":"https:\/\/halterestudio.com\/index.php\/author\/david\/"}]}},"_links":{"self":[{"href":"https:\/\/halterestudio.com\/index.php\/wp-json\/wp\/v2\/posts\/3436"}],"collection":[{"href":"https:\/\/halterestudio.com\/index.php\/wp-json\/wp\/v2\/posts"}],"about":[{"href":"https:\/\/halterestudio.com\/index.php\/wp-json\/wp\/v2\/types\/post"}],"author":[{"embeddable":true,"href":"https:\/\/halterestudio.com\/index.php\/wp-json\/wp\/v2\/users\/1"}],"replies":[{"embeddable":true,"href":"https:\/\/halterestudio.com\/index.php\/wp-json\/wp\/v2\/comments?post=3436"}],"version-history":[{"count":4,"href":"https:\/\/halterestudio.com\/index.php\/wp-json\/wp\/v2\/posts\/3436\/revisions"}],"predecessor-version":[{"id":3457,"href":"https:\/\/halterestudio.com\/index.php\/wp-json\/wp\/v2\/posts\/3436\/revisions\/3457"}],"wp:featuredmedia":[{"embeddable":true,"href":"https:\/\/halterestudio.com\/index.php\/wp-json\/wp\/v2\/media\/3336"}],"wp:attachment":[{"href":"https:\/\/halterestudio.com\/index.php\/wp-json\/wp\/v2\/media?parent=3436"}],"wp:term":[{"taxonomy":"category","embeddable":true,"href":"https:\/\/halterestudio.com\/index.php\/wp-json\/wp\/v2\/categories?post=3436"},{"taxonomy":"post_tag","embeddable":true,"href":"https:\/\/halterestudio.com\/index.php\/wp-json\/wp\/v2\/tags?post=3436"}],"curies":[{"name":"wp","href":"https:\/\/api.w.org\/{rel}","templated":true}]}}